{"id":1038,"date":"2016-08-22T06:41:13","date_gmt":"2016-08-22T05:41:13","guid":{"rendered":"https:\/\/www.kanu-coswig.de\/?p=1038"},"modified":"2016-08-24T09:15:09","modified_gmt":"2016-08-24T08:15:09","slug":"wk-roedern-yyyy-startliste","status":"publish","type":"post","link":"https:\/\/www.kanu-coswig.de\/?p=1038","title":{"rendered":"LM Sch\u00fcler in R\u00f6dern"},"content":{"rendered":"<p><strong>Landesmeisterschaften der Sch\u00fcler\u00a0 in R\u00f6dern am 27.08.2016<\/strong><\/p>\n<p>Liebe Sportfreunde,<br \/>\nwir danken f\u00fcr Eure Meldung und haben alle gemeldeten Sportler in die Startliste aufgenommen.<\/p>\n<p><strong>Wettkampfort:<br \/>\n<\/strong>R\u00f6dern bei Radeburg (Navi-Adresse: Dorfstr. 25, 01565 R\u00f6dern)<\/p>\n<p><strong>vorl\u00e4ufiger Zeitplan (aktualisiert am 24.08.2016)<\/strong><br \/>\nab 08.45 Uhr Startnummernausgabe<br \/>\n09.00 Uhr Mannschaftsleiterbesprechung<br \/>\n09.30 Uhr Streckenvorfahrt<br \/>\n10.15 Uhr 1. und 2. Lauf der Einzelrennen<br \/>\nMittagspause (ca. 15 min)<br \/>\n13.30 Uhr 1. und 2. Lauf der Mannschaftsrennen<br \/>\nca. 15.00 Uhr Siegerehrung<\/p>\n<p>Hinweise<\/p>\n<ul>\n<li>Die Wettkampfstrecke ist in R\u00f6dern bei Radeburg<\/li>\n<li>Sicherheitsbestimmungen sind laut WKB einzuhalten<\/li>\n<li>Kampfrichter sind laut WKB zu stellen<\/li>\n<li>Ein Imbi\u00df ist an der Strecke vorhanden<\/li>\n<li>F\u00fcr landwirtschaftliche Fahrzeuge mu\u00df im Parkbereich der Stra\u00dfenbr\u00fccke unbedingt eine ausreichende Durchfahrt frei gehalten werden!<\/li>\n<\/ul>\n<p>Hier gibt es die <a href=\"https:\/\/www.kanu-coswig.de\/wp-content\/uploads\/2016\/08\/Startliste_Roedern2016.pdf\" target=\"_blank\" rel=\"\">Startliste_Roedern2016<\/a>.<\/p>\n<p>Der Start jedes Teilnehmers erfolgt auf eigene Gefahr.<\/p>\n<p><em>Wir w\u00fcnschen eine Gute Anreise!<\/em><\/p>\n<p>&nbsp;<\/p>\n<hr \/>\n<p>Zum Anschauen der Ergebnislisten ist ein PDF Reader erforderlich.<\/p>\n","protected":false},"excerpt":{"rendered":"<p>Informationen f\u00fcr den Wettkampf resp. Startliste <a class=\"continue-reading-link\" href=\"https:\/\/www.kanu-coswig.de\/?p=1038\">Weiterlesen<\/a><\/p>\n","protected":false},"author":4,"featured_media":0,"comment_status":"closed","ping_status":"closed","sticky":false,"template":"","format":"standard","meta":{"footnotes":""},"categories":[1,6],"tags":[],"class_list":["post-1038","post","type-post","status-publish","format-standard","hentry","category-news","category-wettkampf-infos"],"yoast_head":"<!-- This site is optimized with the Yoast SEO plugin v21.8 - https:\/\/yoast.com\/wordpress\/plugins\/seo\/ -->\n<title>LM Sch\u00fcler in R\u00f6dern - Coswiger Kanu-Verein e.V.<\/title>\n<meta name=\"robots\" content=\"index, follow, max-snippet:-1, max-image-preview:large, max-video-preview:-1\" \/>\n<link rel=\"canonical\" href=\"https:\/\/www.kanu-coswig.de\/?p=1038\" \/>\n<meta property=\"og:locale\" content=\"de_DE\" \/>\n<meta property=\"og:type\" content=\"article\" \/>\n<meta property=\"og:title\" content=\"LM Sch\u00fcler in R\u00f6dern - Coswiger Kanu-Verein e.V.\" \/>\n<meta property=\"og:description\" content=\"Informationen f\u00fcr den Wettkampf resp. Startliste Weiterlesen\" \/>\n<meta property=\"og:url\" content=\"https:\/\/www.kanu-coswig.de\/?p=1038\" \/>\n<meta property=\"og:site_name\" content=\"Coswiger Kanu-Verein e.V.\" \/>\n<meta property=\"article:published_time\" content=\"2016-08-22T05:41:13+00:00\" \/>\n<meta property=\"article:modified_time\" content=\"2016-08-24T08:15:09+00:00\" \/>\n<meta name=\"author\" content=\"Slalom\" \/>\n<meta name=\"twitter:label1\" content=\"Verfasst von\" \/>\n\t<meta name=\"twitter:data1\" content=\"Slalom\" \/>\n\t<meta name=\"twitter:label2\" content=\"Gesch\u00e4tzte Lesezeit\" \/>\n\t<meta name=\"twitter:data2\" content=\"1\u00a0Minute\" \/>\n<script type=\"application\/ld+json\" class=\"yoast-schema-graph\">{\"@context\":\"https:\/\/schema.org\",\"@graph\":[{\"@type\":\"WebPage\",\"@id\":\"https:\/\/www.kanu-coswig.de\/?p=1038\",\"url\":\"https:\/\/www.kanu-coswig.de\/?p=1038\",\"name\":\"LM Sch\u00fcler in R\u00f6dern - Coswiger Kanu-Verein e.V.\",\"isPartOf\":{\"@id\":\"https:\/\/www.kanu-coswig.de\/#website\"},\"datePublished\":\"2016-08-22T05:41:13+00:00\",\"dateModified\":\"2016-08-24T08:15:09+00:00\",\"author\":{\"@id\":\"https:\/\/www.kanu-coswig.de\/#\/schema\/person\/da7427268d3664f993640ad01e6729ef\"},\"breadcrumb\":{\"@id\":\"https:\/\/www.kanu-coswig.de\/?p=1038#breadcrumb\"},\"inLanguage\":\"de\",\"potentialAction\":[{\"@type\":\"ReadAction\",\"target\":[\"https:\/\/www.kanu-coswig.de\/?p=1038\"]}]},{\"@type\":\"BreadcrumbList\",\"@id\":\"https:\/\/www.kanu-coswig.de\/?p=1038#breadcrumb\",\"itemListElement\":[{\"@type\":\"ListItem\",\"position\":1,\"name\":\"Home\",\"item\":\"https:\/\/www.kanu-coswig.de\/\"},{\"@type\":\"ListItem\",\"position\":2,\"name\":\"LM Sch\u00fcler in R\u00f6dern\"}]},{\"@type\":\"WebSite\",\"@id\":\"https:\/\/www.kanu-coswig.de\/#website\",\"url\":\"https:\/\/www.kanu-coswig.de\/\",\"name\":\"Coswiger Kanu-Verein e.V.\",\"description\":\"Zentrum f\u00fcr Kanusport, Kanutouristik und Freizeit in Sachsen\",\"potentialAction\":[{\"@type\":\"SearchAction\",\"target\":{\"@type\":\"EntryPoint\",\"urlTemplate\":\"https:\/\/www.kanu-coswig.de\/?s={search_term_string}\"},\"query-input\":\"required name=search_term_string\"}],\"inLanguage\":\"de\"},{\"@type\":\"Person\",\"@id\":\"https:\/\/www.kanu-coswig.de\/#\/schema\/person\/da7427268d3664f993640ad01e6729ef\",\"name\":\"Slalom\",\"url\":\"https:\/\/www.kanu-coswig.de\/?author=4\"}]}<\/script>\n<!-- \/ Yoast SEO plugin. -->","yoast_head_json":{"title":"LM Sch\u00fcler in R\u00f6dern - Coswiger Kanu-Verein e.V.","robots":{"index":"index","follow":"follow","max-snippet":"max-snippet:-1","max-image-preview":"max-image-preview:large","max-video-preview":"max-video-preview:-1"},"canonical":"https:\/\/www.kanu-coswig.de\/?p=1038","og_locale":"de_DE","og_type":"article","og_title":"LM Sch\u00fcler in R\u00f6dern - Coswiger Kanu-Verein e.V.","og_description":"Informationen f\u00fcr den Wettkampf resp. Startliste Weiterlesen","og_url":"https:\/\/www.kanu-coswig.de\/?p=1038","og_site_name":"Coswiger Kanu-Verein e.V.","article_published_time":"2016-08-22T05:41:13+00:00","article_modified_time":"2016-08-24T08:15:09+00:00","author":"Slalom","twitter_misc":{"Verfasst von":"Slalom","Gesch\u00e4tzte Lesezeit":"1\u00a0Minute"},"schema":{"@context":"https:\/\/schema.org","@graph":[{"@type":"WebPage","@id":"https:\/\/www.kanu-coswig.de\/?p=1038","url":"https:\/\/www.kanu-coswig.de\/?p=1038","name":"LM Sch\u00fcler in R\u00f6dern - Coswiger Kanu-Verein e.V.","isPartOf":{"@id":"https:\/\/www.kanu-coswig.de\/#website"},"datePublished":"2016-08-22T05:41:13+00:00","dateModified":"2016-08-24T08:15:09+00:00","author":{"@id":"https:\/\/www.kanu-coswig.de\/#\/schema\/person\/da7427268d3664f993640ad01e6729ef"},"breadcrumb":{"@id":"https:\/\/www.kanu-coswig.de\/?p=1038#breadcrumb"},"inLanguage":"de","potentialAction":[{"@type":"ReadAction","target":["https:\/\/www.kanu-coswig.de\/?p=1038"]}]},{"@type":"BreadcrumbList","@id":"https:\/\/www.kanu-coswig.de\/?p=1038#breadcrumb","itemListElement":[{"@type":"ListItem","position":1,"name":"Home","item":"https:\/\/www.kanu-coswig.de\/"},{"@type":"ListItem","position":2,"name":"LM Sch\u00fcler in R\u00f6dern"}]},{"@type":"WebSite","@id":"https:\/\/www.kanu-coswig.de\/#website","url":"https:\/\/www.kanu-coswig.de\/","name":"Coswiger Kanu-Verein e.V.","description":"Zentrum f\u00fcr Kanusport, Kanutouristik und Freizeit in Sachsen","potentialAction":[{"@type":"SearchAction","target":{"@type":"EntryPoint","urlTemplate":"https:\/\/www.kanu-coswig.de\/?s={search_term_string}"},"query-input":"required name=search_term_string"}],"inLanguage":"de"},{"@type":"Person","@id":"https:\/\/www.kanu-coswig.de\/#\/schema\/person\/da7427268d3664f993640ad01e6729ef","name":"Slalom","url":"https:\/\/www.kanu-coswig.de\/?author=4"}]}},"_links":{"self":[{"href":"https:\/\/www.kanu-coswig.de\/index.php?rest_route=\/wp\/v2\/posts\/1038","targetHints":{"allow":["GET"]}}],"collection":[{"href":"https:\/\/www.kanu-coswig.de\/index.php?rest_route=\/wp\/v2\/posts"}],"about":[{"href":"https:\/\/www.kanu-coswig.de\/index.php?rest_route=\/wp\/v2\/types\/post"}],"author":[{"embeddable":true,"href":"https:\/\/www.kanu-coswig.de\/index.php?rest_route=\/wp\/v2\/users\/4"}],"replies":[{"embeddable":true,"href":"https:\/\/www.kanu-coswig.de\/index.php?rest_route=%2Fwp%2Fv2%2Fcomments&post=1038"}],"version-history":[{"count":6,"href":"https:\/\/www.kanu-coswig.de\/index.php?rest_route=\/wp\/v2\/posts\/1038\/revisions"}],"predecessor-version":[{"id":1045,"href":"https:\/\/www.kanu-coswig.de\/index.php?rest_route=\/wp\/v2\/posts\/1038\/revisions\/1045"}],"wp:attachment":[{"href":"https:\/\/www.kanu-coswig.de\/index.php?rest_route=%2Fwp%2Fv2%2Fmedia&parent=1038"}],"wp:term":[{"taxonomy":"category","embeddable":true,"href":"https:\/\/www.kanu-coswig.de\/index.php?rest_route=%2Fwp%2Fv2%2Fcategories&post=1038"},{"taxonomy":"post_tag","embeddable":true,"href":"https:\/\/www.kanu-coswig.de\/index.php?rest_route=%2Fwp%2Fv2%2Ftags&post=1038"}],"curies":[{"name":"wp","href":"https:\/\/api.w.org\/{rel}","templated":true}]}}