{"id":1331,"date":"2019-11-22T08:06:56","date_gmt":"2019-11-22T07:06:56","guid":{"rendered":"https:\/\/www.kanu-coswig.de\/?p=1331"},"modified":"2019-11-22T08:08:05","modified_gmt":"2019-11-22T07:08:05","slug":"das-wasserwanderjahr-2019-ist-beendet","status":"publish","type":"post","link":"https:\/\/www.kanu-coswig.de\/?p=1331","title":{"rendered":"Das Wasserwanderjahr 2019 ist beendet"},"content":{"rendered":"<p>Die kleine, aber sonst aktive Wasserwandergruppe hat sich nicht vergr\u00f6\u00dfert, denn 2 Kanuten sind durch Krankheit ganzj\u00e4hrig und mehrere teilweise ausgefallen. Dadurch fiel die Bilanz der gepaddelten Kilometer um 800 geringer aus als im Vorjahr. Es s\u00e4he noch ung\u00fcnstiger aus, wenn sich nicht ein Sch\u00fcler aus Freude am Paddeln an einigen Fahrten beteiligt h\u00e4tte. Im Durchschnitt paddelte die Wandergruppe bei 12 abgegebenen Fahrtenb\u00fcchern\u00a0 360 km pro Mitglied, wobei die Besten bei knapp 600 km liegen. Wir hatten zwar wieder ein anspruchsvolles Fahrtenprogramm aufgestellt, doch manches Vorhaben fiel wegen Hitze und vielen anderen Gr\u00fcnden aus. Der Wassermangel spielte eine untergeordnete Rolle, denn die Elbe als unser Hausfluss ist f\u00fcr uns immer befahrbar, wenn auch die Bedingungen mit sinkendem Pegel sich verschlechtern. Unseren Heimatfluss nutzten wir demzufolge f\u00fcr 5 Tagesfahrten im Revier zwischen Pirna und Strehla. Unsere gr\u00f6\u00dfte Veranstaltung war wieder die B\u00f6hmisch-S\u00e4chsische Elbefahrt von Usti bis Coswig mit 15 Teilnehmern, darunter 11 G\u00e4sten aus anderen Vereinen. Mit Wind und Wasserstand hatten wir dabei richtig Gl\u00fcck. Alle waren zufrieden. Eine gute Sache war nun schon zum 2. Mal unser Aufenthalt bei dem Kanuverein Lok Cottbus an der Spree. Dabei profitierten wir vom guten Wasserstand durch den st\u00e4ndigen Bedarf des Spreewaldes, garantiert durch die Talsperren in Bautzen und Spremberg und erlebten 3 wundersch\u00f6ne Paddeltage. Die Traditionsfahrt von unserem Coswig nach Coswig in Sachsen-Anhalt fiel leider in eine Hitzeperiode, so dass wir kurzfristig umdisponierten und in 3 Tagen von Schmilka nach Strehla fuhren. Bei der Logistik spielte wieder einmal die gute Verkehrsanbindung von Coswig eine wichtige Rolle. Das An- und Abpaddeln des S\u00e4chsischen Kanu-Verbandes auf der Mulde ist mit ca. 80 Teilnehmern eine richtig gro\u00dfe und sch\u00f6ne Veranstaltung geworden. Daran nahmen wir auch wieder mit 5 Paddlern teil. Das Vereins-An- und Abpaddeln hat sich mit \u00fcber 20 Teilnehmern zu einem festen Bestandteil des Bootshauslebens entwickelt. Viele sich beteiligende Eltern k\u00f6nnen so die Paddelf\u00e4higkeiten ihrer Kinder besser beurteilen.<\/p>\n<p>Anfang Juli war unser Bootshausgel\u00e4nde sehr kurzfristig Etappenziel der 25. Internationalen Elbefahrt mit 87 G\u00e4sten. Infolge der Gr\u00f6\u00dfe verlangte die Veranstaltung von der Organisationsleitung einen enormen Einsatz. Jeder Fleck des gro\u00dfen Bootshausgel\u00e4ndes war mit Zelten belegt und zur Begr\u00fc\u00dfung kam sogar der B\u00fcrgermeister. Einige Mitglieder f\u00fchrten au\u00dferdem noch Ferienfahrten mit dem Boot durch und lernten die M\u00e4rkischen und Neuruppiner Gew\u00e4sser kennen.<\/p>\n<p>Vielleicht finden sich im kommendem Jahr ein paar mehr Fahrtenteilnehmer, denn der Altersdurchschnitt der jetzigen Truppe von 70 Jahren ist kein Garant f\u00fcr Best\u00e4ndigkeit.<\/p>\n<p>Zum Schluss m\u00f6chten wir uns besonders bei den Sportfreundinnen und Sportfreunden bedanken, welche die Wanderfahrer und Boote zu den Einsatzorten transportierten und gegebenenfalls nach Beendigung wieder nach Hause fuhren<\/p>\n<p>Wolfgang Thon<\/p>\n","protected":false},"excerpt":{"rendered":"<p>Die kleine, aber sonst aktive Wasserwandergruppe hat sich nicht vergr\u00f6\u00dfert, denn 2 Kanuten sind durch Krankheit ganzj\u00e4hrig und mehrere teilweise ausgefallen. Dadurch fiel die Bilanz der gepaddelten Kilometer um 800 geringer aus als im Vorjahr. Es s\u00e4he noch ung\u00fcnstiger aus, wenn sich nicht ein Sch\u00fcler aus Freude am Paddeln an\u2026 <a class=\"continue-reading-link\" href=\"https:\/\/www.kanu-coswig.de\/?p=1331\">Weiterlesen<\/a><\/p>\n","protected":false},"author":3,"featured_media":0,"comment_status":"closed","ping_status":"closed","sticky":false,"template":"","format":"standard","meta":{"footnotes":""},"categories":[1,2,4],"tags":[],"class_list":["post-1331","post","type-post","status-publish","format-standard","hentry","category-news","category-wasserwander-erlebnisse","category-presse"],"yoast_head":"<!-- This site is optimized with the Yoast SEO plugin v21.8 - https:\/\/yoast.com\/wordpress\/plugins\/seo\/ -->\n<title>Das Wasserwanderjahr 2019 ist beendet - Coswiger Kanu-Verein e.V.<\/title>\n<meta name=\"robots\" content=\"index, follow, max-snippet:-1, max-image-preview:large, max-video-preview:-1\" \/>\n<link rel=\"canonical\" href=\"https:\/\/www.kanu-coswig.de\/?p=1331\" \/>\n<meta property=\"og:locale\" content=\"de_DE\" \/>\n<meta property=\"og:type\" content=\"article\" \/>\n<meta property=\"og:title\" content=\"Das Wasserwanderjahr 2019 ist beendet - Coswiger Kanu-Verein e.V.\" \/>\n<meta property=\"og:description\" content=\"Die kleine, aber sonst aktive Wasserwandergruppe hat sich nicht vergr\u00f6\u00dfert, denn 2 Kanuten sind durch Krankheit ganzj\u00e4hrig und mehrere teilweise ausgefallen. Dadurch fiel die Bilanz der gepaddelten Kilometer um 800 geringer aus als im Vorjahr. Es s\u00e4he noch ung\u00fcnstiger aus, wenn sich nicht ein Sch\u00fcler aus Freude am Paddeln an\u2026 Weiterlesen\" \/>\n<meta property=\"og:url\" content=\"https:\/\/www.kanu-coswig.de\/?p=1331\" \/>\n<meta property=\"og:site_name\" content=\"Coswiger Kanu-Verein e.V.\" \/>\n<meta property=\"article:published_time\" content=\"2019-11-22T07:06:56+00:00\" \/>\n<meta property=\"article:modified_time\" content=\"2019-11-22T07:08:05+00:00\" \/>\n<meta name=\"author\" content=\"Touristik\" \/>\n<meta name=\"twitter:label1\" content=\"Verfasst von\" \/>\n\t<meta name=\"twitter:data1\" content=\"Touristik\" \/>\n\t<meta name=\"twitter:label2\" content=\"Gesch\u00e4tzte Lesezeit\" \/>\n\t<meta name=\"twitter:data2\" content=\"2\u00a0Minuten\" \/>\n<script type=\"application\/ld+json\" class=\"yoast-schema-graph\">{\"@context\":\"https:\/\/schema.org\",\"@graph\":[{\"@type\":\"WebPage\",\"@id\":\"https:\/\/www.kanu-coswig.de\/?p=1331\",\"url\":\"https:\/\/www.kanu-coswig.de\/?p=1331\",\"name\":\"Das Wasserwanderjahr 2019 ist beendet - Coswiger Kanu-Verein e.V.\",\"isPartOf\":{\"@id\":\"https:\/\/www.kanu-coswig.de\/#website\"},\"datePublished\":\"2019-11-22T07:06:56+00:00\",\"dateModified\":\"2019-11-22T07:08:05+00:00\",\"author\":{\"@id\":\"https:\/\/www.kanu-coswig.de\/#\/schema\/person\/281338fb14d9d1ccb195249a757bcbd3\"},\"breadcrumb\":{\"@id\":\"https:\/\/www.kanu-coswig.de\/?p=1331#breadcrumb\"},\"inLanguage\":\"de\",\"potentialAction\":[{\"@type\":\"ReadAction\",\"target\":[\"https:\/\/www.kanu-coswig.de\/?p=1331\"]}]},{\"@type\":\"BreadcrumbList\",\"@id\":\"https:\/\/www.kanu-coswig.de\/?p=1331#breadcrumb\",\"itemListElement\":[{\"@type\":\"ListItem\",\"position\":1,\"name\":\"Home\",\"item\":\"https:\/\/www.kanu-coswig.de\/\"},{\"@type\":\"ListItem\",\"position\":2,\"name\":\"Das Wasserwanderjahr 2019 ist beendet\"}]},{\"@type\":\"WebSite\",\"@id\":\"https:\/\/www.kanu-coswig.de\/#website\",\"url\":\"https:\/\/www.kanu-coswig.de\/\",\"name\":\"Coswiger Kanu-Verein e.V.\",\"description\":\"Zentrum f\u00fcr Kanusport, Kanutouristik und Freizeit in Sachsen\",\"potentialAction\":[{\"@type\":\"SearchAction\",\"target\":{\"@type\":\"EntryPoint\",\"urlTemplate\":\"https:\/\/www.kanu-coswig.de\/?s={search_term_string}\"},\"query-input\":\"required name=search_term_string\"}],\"inLanguage\":\"de\"},{\"@type\":\"Person\",\"@id\":\"https:\/\/www.kanu-coswig.de\/#\/schema\/person\/281338fb14d9d1ccb195249a757bcbd3\",\"name\":\"Touristik\",\"url\":\"https:\/\/www.kanu-coswig.de\/?author=3\"}]}<\/script>\n<!-- \/ Yoast SEO plugin. -->","yoast_head_json":{"title":"Das Wasserwanderjahr 2019 ist beendet - Coswiger Kanu-Verein e.V.","robots":{"index":"index","follow":"follow","max-snippet":"max-snippet:-1","max-image-preview":"max-image-preview:large","max-video-preview":"max-video-preview:-1"},"canonical":"https:\/\/www.kanu-coswig.de\/?p=1331","og_locale":"de_DE","og_type":"article","og_title":"Das Wasserwanderjahr 2019 ist beendet - Coswiger Kanu-Verein e.V.","og_description":"Die kleine, aber sonst aktive Wasserwandergruppe hat sich nicht vergr\u00f6\u00dfert, denn 2 Kanuten sind durch Krankheit ganzj\u00e4hrig und mehrere teilweise ausgefallen. Dadurch fiel die Bilanz der gepaddelten Kilometer um 800 geringer aus als im Vorjahr. Es s\u00e4he noch ung\u00fcnstiger aus, wenn sich nicht ein Sch\u00fcler aus Freude am Paddeln an\u2026 Weiterlesen","og_url":"https:\/\/www.kanu-coswig.de\/?p=1331","og_site_name":"Coswiger Kanu-Verein e.V.","article_published_time":"2019-11-22T07:06:56+00:00","article_modified_time":"2019-11-22T07:08:05+00:00","author":"Touristik","twitter_misc":{"Verfasst von":"Touristik","Gesch\u00e4tzte Lesezeit":"2\u00a0Minuten"},"schema":{"@context":"https:\/\/schema.org","@graph":[{"@type":"WebPage","@id":"https:\/\/www.kanu-coswig.de\/?p=1331","url":"https:\/\/www.kanu-coswig.de\/?p=1331","name":"Das Wasserwanderjahr 2019 ist beendet - Coswiger Kanu-Verein e.V.","isPartOf":{"@id":"https:\/\/www.kanu-coswig.de\/#website"},"datePublished":"2019-11-22T07:06:56+00:00","dateModified":"2019-11-22T07:08:05+00:00","author":{"@id":"https:\/\/www.kanu-coswig.de\/#\/schema\/person\/281338fb14d9d1ccb195249a757bcbd3"},"breadcrumb":{"@id":"https:\/\/www.kanu-coswig.de\/?p=1331#breadcrumb"},"inLanguage":"de","potentialAction":[{"@type":"ReadAction","target":["https:\/\/www.kanu-coswig.de\/?p=1331"]}]},{"@type":"BreadcrumbList","@id":"https:\/\/www.kanu-coswig.de\/?p=1331#breadcrumb","itemListElement":[{"@type":"ListItem","position":1,"name":"Home","item":"https:\/\/www.kanu-coswig.de\/"},{"@type":"ListItem","position":2,"name":"Das Wasserwanderjahr 2019 ist beendet"}]},{"@type":"WebSite","@id":"https:\/\/www.kanu-coswig.de\/#website","url":"https:\/\/www.kanu-coswig.de\/","name":"Coswiger Kanu-Verein e.V.","description":"Zentrum f\u00fcr Kanusport, Kanutouristik und Freizeit in Sachsen","potentialAction":[{"@type":"SearchAction","target":{"@type":"EntryPoint","urlTemplate":"https:\/\/www.kanu-coswig.de\/?s={search_term_string}"},"query-input":"required name=search_term_string"}],"inLanguage":"de"},{"@type":"Person","@id":"https:\/\/www.kanu-coswig.de\/#\/schema\/person\/281338fb14d9d1ccb195249a757bcbd3","name":"Touristik","url":"https:\/\/www.kanu-coswig.de\/?author=3"}]}},"_links":{"self":[{"href":"https:\/\/www.kanu-coswig.de\/index.php?rest_route=\/wp\/v2\/posts\/1331","targetHints":{"allow":["GET"]}}],"collection":[{"href":"https:\/\/www.kanu-coswig.de\/index.php?rest_route=\/wp\/v2\/posts"}],"about":[{"href":"https:\/\/www.kanu-coswig.de\/index.php?rest_route=\/wp\/v2\/types\/post"}],"author":[{"embeddable":true,"href":"https:\/\/www.kanu-coswig.de\/index.php?rest_route=\/wp\/v2\/users\/3"}],"replies":[{"embeddable":true,"href":"https:\/\/www.kanu-coswig.de\/index.php?rest_route=%2Fwp%2Fv2%2Fcomments&post=1331"}],"version-history":[{"count":1,"href":"https:\/\/www.kanu-coswig.de\/index.php?rest_route=\/wp\/v2\/posts\/1331\/revisions"}],"predecessor-version":[{"id":1332,"href":"https:\/\/www.kanu-coswig.de\/index.php?rest_route=\/wp\/v2\/posts\/1331\/revisions\/1332"}],"wp:attachment":[{"href":"https:\/\/www.kanu-coswig.de\/index.php?rest_route=%2Fwp%2Fv2%2Fmedia&parent=1331"}],"wp:term":[{"taxonomy":"category","embeddable":true,"href":"https:\/\/www.kanu-coswig.de\/index.php?rest_route=%2Fwp%2Fv2%2Fcategories&post=1331"},{"taxonomy":"post_tag","embeddable":true,"href":"https:\/\/www.kanu-coswig.de\/index.php?rest_route=%2Fwp%2Fv2%2Ftags&post=1331"}],"curies":[{"name":"wp","href":"https:\/\/api.w.org\/{rel}","templated":true}]}}