{"id":165,"date":"2013-09-10T09:46:09","date_gmt":"2013-09-10T08:46:09","guid":{"rendered":"http:\/\/localhost:85\/wordpress\/?p=165"},"modified":"2014-04-07T12:27:52","modified_gmt":"2014-04-07T11:27:52","slug":"familienwandertag-am-tag-der-deutschen-einheit-2012-2","status":"publish","type":"post","link":"https:\/\/www.kanu-coswig.de\/?p=165","title":{"rendered":"Familienwandertag am Tag der deutschen Einheit 2012"},"content":{"rendered":"<p>Der schon zur Tradition gewordene Ausflug f\u00fchrte uns diesmal per Pedes zum Schloss Scharfenberg. 17 Erwachsene und 6 Kinder setzten mit der F\u00e4hre \u00fcber und wanderten durch den Eichh\u00f6rnchengrund vorbei an der Schulzenm\u00fchle zum Schloss Scharfenberg. Das Wetter war pr\u00e4chtig und vor dem Schloss erwartete uns schon Tom Philipp mit dem angeheizten Grill. Bei Bratwurst und Getr\u00e4nken machten wir Mittagsrast. Dann ging es ins Schloss zu einer F\u00fchrung. Der Bewohner des Schlosses Frank Lippert erz\u00e4hlte uns viele interessante Dinge \u00fcber das Leben in den alten Gem\u00e4uern und f\u00fchrte uns durch die weitr\u00e4umige Anlage.<br \/>\nDas Schloss zeigt sich jetzt doch in einem baulich recht guten Zustand. Ein Teil wird als exklusives Hotel genutzt. Ein Blick in die Zimmer zeigte die gelungene Kombination zwischen Historie und Moderne. Insgesamt eine gelungene Veranstaltung, die durch zwanglosen Gedankenaustausch und Erkenntnisgewinn \u00fcber unsere n\u00e4here Heimat gepr\u00e4gt war. Auch die sportliche Herausforderung des ca. 12 km langen Marsches wurde von den Kindern bis zu den Senioren souver\u00e4n gemeistert.<\/p>\n","protected":false},"excerpt":{"rendered":"<p>Der schon zur Tradition gewordene Ausflug f\u00fchrte uns diesmal per Pedes zum Schloss Scharfenberg. 17 Erwachsene und 6 Kinder setzten mit der F\u00e4hre \u00fcber und wanderten durch den Eichh\u00f6rnchengrund vorbei an der Schulzenm\u00fchle zum Schloss Scharfenberg. Das Wetter war pr\u00e4chtig und vor dem Schloss erwartete uns schon Tom Philipp mit\u2026 <a class=\"continue-reading-link\" href=\"https:\/\/www.kanu-coswig.de\/?p=165\">Weiterlesen<\/a><\/p>\n","protected":false},"author":2,"featured_media":0,"comment_status":"closed","ping_status":"closed","sticky":false,"template":"","format":"standard","meta":{"footnotes":""},"categories":[4],"tags":[],"class_list":["post-165","post","type-post","status-publish","format-standard","hentry","category-presse"],"yoast_head":"<!-- This site is optimized with the Yoast SEO plugin v21.8 - https:\/\/yoast.com\/wordpress\/plugins\/seo\/ -->\n<title>Familienwandertag am Tag der deutschen Einheit 2012 - Coswiger Kanu-Verein e.V.<\/title>\n<meta name=\"robots\" content=\"index, follow, max-snippet:-1, max-image-preview:large, max-video-preview:-1\" \/>\n<link rel=\"canonical\" href=\"https:\/\/www.kanu-coswig.de\/?p=165\" \/>\n<meta property=\"og:locale\" content=\"de_DE\" \/>\n<meta property=\"og:type\" content=\"article\" \/>\n<meta property=\"og:title\" content=\"Familienwandertag am Tag der deutschen Einheit 2012 - Coswiger Kanu-Verein e.V.\" \/>\n<meta property=\"og:description\" content=\"Der schon zur Tradition gewordene Ausflug f\u00fchrte uns diesmal per Pedes zum Schloss Scharfenberg. 17 Erwachsene und 6 Kinder setzten mit der F\u00e4hre \u00fcber und wanderten durch den Eichh\u00f6rnchengrund vorbei an der Schulzenm\u00fchle zum Schloss Scharfenberg. Das Wetter war pr\u00e4chtig und vor dem Schloss erwartete uns schon Tom Philipp mit\u2026 Weiterlesen\" \/>\n<meta property=\"og:url\" content=\"https:\/\/www.kanu-coswig.de\/?p=165\" \/>\n<meta property=\"og:site_name\" content=\"Coswiger Kanu-Verein e.V.\" \/>\n<meta property=\"article:published_time\" content=\"2013-09-10T08:46:09+00:00\" \/>\n<meta property=\"article:modified_time\" content=\"2014-04-07T11:27:52+00:00\" \/>\n<meta name=\"author\" content=\"Verein\" \/>\n<meta name=\"twitter:label1\" content=\"Verfasst von\" \/>\n\t<meta name=\"twitter:data1\" content=\"Verein\" \/>\n\t<meta name=\"twitter:label2\" content=\"Gesch\u00e4tzte Lesezeit\" \/>\n\t<meta name=\"twitter:data2\" content=\"1\u00a0Minute\" \/>\n<script type=\"application\/ld+json\" class=\"yoast-schema-graph\">{\"@context\":\"https:\/\/schema.org\",\"@graph\":[{\"@type\":\"WebPage\",\"@id\":\"https:\/\/www.kanu-coswig.de\/?p=165\",\"url\":\"https:\/\/www.kanu-coswig.de\/?p=165\",\"name\":\"Familienwandertag am Tag der deutschen Einheit 2012 - Coswiger Kanu-Verein e.V.\",\"isPartOf\":{\"@id\":\"https:\/\/www.kanu-coswig.de\/#website\"},\"datePublished\":\"2013-09-10T08:46:09+00:00\",\"dateModified\":\"2014-04-07T11:27:52+00:00\",\"author\":{\"@id\":\"https:\/\/www.kanu-coswig.de\/#\/schema\/person\/879794244e0987512804808a08b9cca7\"},\"breadcrumb\":{\"@id\":\"https:\/\/www.kanu-coswig.de\/?p=165#breadcrumb\"},\"inLanguage\":\"de\",\"potentialAction\":[{\"@type\":\"ReadAction\",\"target\":[\"https:\/\/www.kanu-coswig.de\/?p=165\"]}]},{\"@type\":\"BreadcrumbList\",\"@id\":\"https:\/\/www.kanu-coswig.de\/?p=165#breadcrumb\",\"itemListElement\":[{\"@type\":\"ListItem\",\"position\":1,\"name\":\"Home\",\"item\":\"https:\/\/www.kanu-coswig.de\/\"},{\"@type\":\"ListItem\",\"position\":2,\"name\":\"Familienwandertag am Tag der deutschen Einheit 2012\"}]},{\"@type\":\"WebSite\",\"@id\":\"https:\/\/www.kanu-coswig.de\/#website\",\"url\":\"https:\/\/www.kanu-coswig.de\/\",\"name\":\"Coswiger Kanu-Verein e.V.\",\"description\":\"Zentrum f\u00fcr Kanusport, Kanutouristik und Freizeit in Sachsen\",\"potentialAction\":[{\"@type\":\"SearchAction\",\"target\":{\"@type\":\"EntryPoint\",\"urlTemplate\":\"https:\/\/www.kanu-coswig.de\/?s={search_term_string}\"},\"query-input\":\"required name=search_term_string\"}],\"inLanguage\":\"de\"},{\"@type\":\"Person\",\"@id\":\"https:\/\/www.kanu-coswig.de\/#\/schema\/person\/879794244e0987512804808a08b9cca7\",\"name\":\"Verein\",\"url\":\"https:\/\/www.kanu-coswig.de\/?author=2\"}]}<\/script>\n<!-- \/ Yoast SEO plugin. -->","yoast_head_json":{"title":"Familienwandertag am Tag der deutschen Einheit 2012 - Coswiger Kanu-Verein e.V.","robots":{"index":"index","follow":"follow","max-snippet":"max-snippet:-1","max-image-preview":"max-image-preview:large","max-video-preview":"max-video-preview:-1"},"canonical":"https:\/\/www.kanu-coswig.de\/?p=165","og_locale":"de_DE","og_type":"article","og_title":"Familienwandertag am Tag der deutschen Einheit 2012 - Coswiger Kanu-Verein e.V.","og_description":"Der schon zur Tradition gewordene Ausflug f\u00fchrte uns diesmal per Pedes zum Schloss Scharfenberg. 17 Erwachsene und 6 Kinder setzten mit der F\u00e4hre \u00fcber und wanderten durch den Eichh\u00f6rnchengrund vorbei an der Schulzenm\u00fchle zum Schloss Scharfenberg. Das Wetter war pr\u00e4chtig und vor dem Schloss erwartete uns schon Tom Philipp mit\u2026 Weiterlesen","og_url":"https:\/\/www.kanu-coswig.de\/?p=165","og_site_name":"Coswiger Kanu-Verein e.V.","article_published_time":"2013-09-10T08:46:09+00:00","article_modified_time":"2014-04-07T11:27:52+00:00","author":"Verein","twitter_misc":{"Verfasst von":"Verein","Gesch\u00e4tzte Lesezeit":"1\u00a0Minute"},"schema":{"@context":"https:\/\/schema.org","@graph":[{"@type":"WebPage","@id":"https:\/\/www.kanu-coswig.de\/?p=165","url":"https:\/\/www.kanu-coswig.de\/?p=165","name":"Familienwandertag am Tag der deutschen Einheit 2012 - Coswiger Kanu-Verein e.V.","isPartOf":{"@id":"https:\/\/www.kanu-coswig.de\/#website"},"datePublished":"2013-09-10T08:46:09+00:00","dateModified":"2014-04-07T11:27:52+00:00","author":{"@id":"https:\/\/www.kanu-coswig.de\/#\/schema\/person\/879794244e0987512804808a08b9cca7"},"breadcrumb":{"@id":"https:\/\/www.kanu-coswig.de\/?p=165#breadcrumb"},"inLanguage":"de","potentialAction":[{"@type":"ReadAction","target":["https:\/\/www.kanu-coswig.de\/?p=165"]}]},{"@type":"BreadcrumbList","@id":"https:\/\/www.kanu-coswig.de\/?p=165#breadcrumb","itemListElement":[{"@type":"ListItem","position":1,"name":"Home","item":"https:\/\/www.kanu-coswig.de\/"},{"@type":"ListItem","position":2,"name":"Familienwandertag am Tag der deutschen Einheit 2012"}]},{"@type":"WebSite","@id":"https:\/\/www.kanu-coswig.de\/#website","url":"https:\/\/www.kanu-coswig.de\/","name":"Coswiger Kanu-Verein e.V.","description":"Zentrum f\u00fcr Kanusport, Kanutouristik und Freizeit in Sachsen","potentialAction":[{"@type":"SearchAction","target":{"@type":"EntryPoint","urlTemplate":"https:\/\/www.kanu-coswig.de\/?s={search_term_string}"},"query-input":"required name=search_term_string"}],"inLanguage":"de"},{"@type":"Person","@id":"https:\/\/www.kanu-coswig.de\/#\/schema\/person\/879794244e0987512804808a08b9cca7","name":"Verein","url":"https:\/\/www.kanu-coswig.de\/?author=2"}]}},"_links":{"self":[{"href":"https:\/\/www.kanu-coswig.de\/index.php?rest_route=\/wp\/v2\/posts\/165","targetHints":{"allow":["GET"]}}],"collection":[{"href":"https:\/\/www.kanu-coswig.de\/index.php?rest_route=\/wp\/v2\/posts"}],"about":[{"href":"https:\/\/www.kanu-coswig.de\/index.php?rest_route=\/wp\/v2\/types\/post"}],"author":[{"embeddable":true,"href":"https:\/\/www.kanu-coswig.de\/index.php?rest_route=\/wp\/v2\/users\/2"}],"replies":[{"embeddable":true,"href":"https:\/\/www.kanu-coswig.de\/index.php?rest_route=%2Fwp%2Fv2%2Fcomments&post=165"}],"version-history":[{"count":1,"href":"https:\/\/www.kanu-coswig.de\/index.php?rest_route=\/wp\/v2\/posts\/165\/revisions"}],"predecessor-version":[{"id":426,"href":"https:\/\/www.kanu-coswig.de\/index.php?rest_route=\/wp\/v2\/posts\/165\/revisions\/426"}],"wp:attachment":[{"href":"https:\/\/www.kanu-coswig.de\/index.php?rest_route=%2Fwp%2Fv2%2Fmedia&parent=165"}],"wp:term":[{"taxonomy":"category","embeddable":true,"href":"https:\/\/www.kanu-coswig.de\/index.php?rest_route=%2Fwp%2Fv2%2Fcategories&post=165"},{"taxonomy":"post_tag","embeddable":true,"href":"https:\/\/www.kanu-coswig.de\/index.php?rest_route=%2Fwp%2Fv2%2Ftags&post=165"}],"curies":[{"name":"wp","href":"https:\/\/api.w.org\/{rel}","templated":true}]}}