{"id":1659,"date":"2024-03-13T14:38:57","date_gmt":"2024-03-13T13:38:57","guid":{"rendered":"https:\/\/www.kanu-coswig.de\/?p=1659"},"modified":"2024-03-13T14:38:57","modified_gmt":"2024-03-13T13:38:57","slug":"start-in-die-paddelsaison","status":"publish","type":"post","link":"https:\/\/www.kanu-coswig.de\/?p=1659","title":{"rendered":"Start in die Paddelsaison"},"content":{"rendered":"<p style=\"font-weight: 400;\">Der morgendliche Blick auf das Thermometer erkl\u00e4rte den Titel der geplanten Fahrt recht schnell: VOR-Saisonfahrt. Aber die 6 \u00b0C konnten nicht schrecken und wir trafen uns zu siebt um 8.00 Uhr am Bootshaus zum Beladen des Bootsanh\u00e4ngers. Eine halbe Stunde sp\u00e4ter war dann Start mit Auto und S-Bahn.<a href=\"https:\/\/www.kanu-coswig.de\/?attachment_id=1660\" rel=\"attachment wp-att-1660\"><img loading=\"lazy\" decoding=\"async\" class=\"size-medium wp-image-1660 aligncenter\" src=\"https:\/\/www.kanu-coswig.de\/wp-content\/uploads\/2024\/03\/Picture1-300x188.jpg\" alt=\"\" width=\"300\" height=\"188\" srcset=\"https:\/\/www.kanu-coswig.de\/wp-content\/uploads\/2024\/03\/Picture1-300x188.jpg 300w, https:\/\/www.kanu-coswig.de\/wp-content\/uploads\/2024\/03\/Picture1-240x150.jpg 240w, https:\/\/www.kanu-coswig.de\/wp-content\/uploads\/2024\/03\/Picture1-150x94.jpg 150w, https:\/\/www.kanu-coswig.de\/wp-content\/uploads\/2024\/03\/Picture1.jpg 595w\" sizes=\"auto, (max-width: 300px) 100vw, 300px\" \/><\/a><\/p>\n<p style=\"font-weight: 400;\">Der \u00d6PNV \u00fcberraschte mit P\u00fcnktlichkeit, so dass die Paddelgruppe an der F\u00e4hre Kleinzschachwitz um 9.30 Uhr wieder vereint war und die Boote startklar machen konnte.<\/p>\n<p style=\"font-weight: 400;\">Schlag 10 ging es dann los: Bei anfangs noch recht tr\u00fcbem Wetter trug uns die noch hochwasserbedingt kr\u00e4ftige Str\u00f6mung bei einem Elbpegel von 2,30 m schnell elbabw\u00e4rts. Bald zeigte sich auch die Sonne und wir konnten den Blick auf die Stadt Dresden und die Elbh\u00e4nge genie\u00dfen. Hier gab es dank f\u00fcr noch fr\u00fchen Natur anderes zu entdecken als bei sommerlichen Fahrten auf dieser Strecke.<\/p>\n<p><a href=\"https:\/\/www.kanu-coswig.de\/?attachment_id=1662\" rel=\"attachment wp-att-1662\"><img loading=\"lazy\" decoding=\"async\" class=\"size-medium wp-image-1662 aligncenter\" src=\"https:\/\/www.kanu-coswig.de\/wp-content\/uploads\/2024\/03\/Picture2-300x183.jpg\" alt=\"\" width=\"300\" height=\"183\" srcset=\"https:\/\/www.kanu-coswig.de\/wp-content\/uploads\/2024\/03\/Picture2-300x183.jpg 300w, https:\/\/www.kanu-coswig.de\/wp-content\/uploads\/2024\/03\/Picture2-246x150.jpg 246w, https:\/\/www.kanu-coswig.de\/wp-content\/uploads\/2024\/03\/Picture2-150x91.jpg 150w, https:\/\/www.kanu-coswig.de\/wp-content\/uploads\/2024\/03\/Picture2.jpg 516w\" sizes=\"auto, (max-width: 300px) 100vw, 300px\" \/><\/a><\/p>\n<p style=\"font-weight: 400;\">Der geplante Mittagsstopp bei den Kanuten in Radebeul wurde mangels Steganlage abgeblasen und wir trafen bereits gegen 13.00 Uhr wieder am Bootshaus in Coswig ein.<\/p>\n<p style=\"font-weight: 400;\">Steffen Lutzke<\/p>\n<p style=\"font-weight: 400;\"><a href=\"https:\/\/www.kanu-coswig.de\/?attachment_id=1661\" rel=\"attachment wp-att-1661\"><img loading=\"lazy\" decoding=\"async\" class=\"size-medium wp-image-1661 aligncenter\" src=\"https:\/\/www.kanu-coswig.de\/wp-content\/uploads\/2024\/03\/Picture3-300x98.jpg\" alt=\"\" width=\"300\" height=\"98\" srcset=\"https:\/\/www.kanu-coswig.de\/wp-content\/uploads\/2024\/03\/Picture3-300x98.jpg 300w, https:\/\/www.kanu-coswig.de\/wp-content\/uploads\/2024\/03\/Picture3-1024x333.jpg 1024w, https:\/\/www.kanu-coswig.de\/wp-content\/uploads\/2024\/03\/Picture3-768x250.jpg 768w, https:\/\/www.kanu-coswig.de\/wp-content\/uploads\/2024\/03\/Picture3-250x81.jpg 250w, https:\/\/www.kanu-coswig.de\/wp-content\/uploads\/2024\/03\/Picture3-150x49.jpg 150w, https:\/\/www.kanu-coswig.de\/wp-content\/uploads\/2024\/03\/Picture3.jpg 1390w\" sizes=\"auto, (max-width: 300px) 100vw, 300px\" \/><\/a><\/p>\n","protected":false},"excerpt":{"rendered":"<p>Der morgendliche Blick auf das Thermometer erkl\u00e4rte den Titel der geplanten Fahrt recht schnell: VOR-Saisonfahrt. Aber die 6 \u00b0C konnten nicht schrecken und wir trafen uns zu siebt um 8.00 Uhr am Bootshaus zum Beladen des Bootsanh\u00e4ngers. Eine halbe Stunde sp\u00e4ter war dann Start mit Auto und S-Bahn. Der \u00d6PNV\u2026 <a class=\"continue-reading-link\" href=\"https:\/\/www.kanu-coswig.de\/?p=1659\">Weiterlesen<\/a><\/p>\n","protected":false},"author":3,"featured_media":0,"comment_status":"closed","ping_status":"closed","sticky":false,"template":"","format":"standard","meta":{"footnotes":""},"categories":[1,2,4],"tags":[],"class_list":["post-1659","post","type-post","status-publish","format-standard","hentry","category-news","category-wasserwander-erlebnisse","category-presse"],"yoast_head":"<!-- This site is optimized with the Yoast SEO plugin v21.8 - https:\/\/yoast.com\/wordpress\/plugins\/seo\/ -->\n<title>Start in die Paddelsaison - Coswiger Kanu-Verein e.V.<\/title>\n<meta name=\"robots\" content=\"index, follow, max-snippet:-1, max-image-preview:large, max-video-preview:-1\" \/>\n<link rel=\"canonical\" href=\"https:\/\/www.kanu-coswig.de\/?p=1659\" \/>\n<meta property=\"og:locale\" content=\"de_DE\" \/>\n<meta property=\"og:type\" content=\"article\" \/>\n<meta property=\"og:title\" content=\"Start in die Paddelsaison - Coswiger Kanu-Verein e.V.\" \/>\n<meta property=\"og:description\" content=\"Der morgendliche Blick auf das Thermometer erkl\u00e4rte den Titel der geplanten Fahrt recht schnell: VOR-Saisonfahrt. Aber die 6 \u00b0C konnten nicht schrecken und wir trafen uns zu siebt um 8.00 Uhr am Bootshaus zum Beladen des Bootsanh\u00e4ngers. Eine halbe Stunde sp\u00e4ter war dann Start mit Auto und S-Bahn. Der \u00d6PNV\u2026 Weiterlesen\" \/>\n<meta property=\"og:url\" content=\"https:\/\/www.kanu-coswig.de\/?p=1659\" \/>\n<meta property=\"og:site_name\" content=\"Coswiger Kanu-Verein e.V.\" \/>\n<meta property=\"article:published_time\" content=\"2024-03-13T13:38:57+00:00\" \/>\n<meta property=\"og:image\" content=\"https:\/\/www.kanu-coswig.de\/wp-content\/uploads\/2024\/03\/Picture1-300x188.jpg\" \/>\n<meta name=\"author\" content=\"Touristik\" \/>\n<meta name=\"twitter:label1\" content=\"Verfasst von\" \/>\n\t<meta name=\"twitter:data1\" content=\"Touristik\" \/>\n\t<meta name=\"twitter:label2\" content=\"Gesch\u00e4tzte Lesezeit\" \/>\n\t<meta name=\"twitter:data2\" content=\"2\u00a0Minuten\" \/>\n<script type=\"application\/ld+json\" class=\"yoast-schema-graph\">{\"@context\":\"https:\/\/schema.org\",\"@graph\":[{\"@type\":\"WebPage\",\"@id\":\"https:\/\/www.kanu-coswig.de\/?p=1659\",\"url\":\"https:\/\/www.kanu-coswig.de\/?p=1659\",\"name\":\"Start in die Paddelsaison - Coswiger Kanu-Verein e.V.\",\"isPartOf\":{\"@id\":\"https:\/\/www.kanu-coswig.de\/#website\"},\"datePublished\":\"2024-03-13T13:38:57+00:00\",\"dateModified\":\"2024-03-13T13:38:57+00:00\",\"author\":{\"@id\":\"https:\/\/www.kanu-coswig.de\/#\/schema\/person\/281338fb14d9d1ccb195249a757bcbd3\"},\"breadcrumb\":{\"@id\":\"https:\/\/www.kanu-coswig.de\/?p=1659#breadcrumb\"},\"inLanguage\":\"de\",\"potentialAction\":[{\"@type\":\"ReadAction\",\"target\":[\"https:\/\/www.kanu-coswig.de\/?p=1659\"]}]},{\"@type\":\"BreadcrumbList\",\"@id\":\"https:\/\/www.kanu-coswig.de\/?p=1659#breadcrumb\",\"itemListElement\":[{\"@type\":\"ListItem\",\"position\":1,\"name\":\"Home\",\"item\":\"https:\/\/www.kanu-coswig.de\/\"},{\"@type\":\"ListItem\",\"position\":2,\"name\":\"Start in die Paddelsaison\"}]},{\"@type\":\"WebSite\",\"@id\":\"https:\/\/www.kanu-coswig.de\/#website\",\"url\":\"https:\/\/www.kanu-coswig.de\/\",\"name\":\"Coswiger Kanu-Verein e.V.\",\"description\":\"Zentrum f\u00fcr Kanusport, Kanutouristik und Freizeit in Sachsen\",\"potentialAction\":[{\"@type\":\"SearchAction\",\"target\":{\"@type\":\"EntryPoint\",\"urlTemplate\":\"https:\/\/www.kanu-coswig.de\/?s={search_term_string}\"},\"query-input\":\"required name=search_term_string\"}],\"inLanguage\":\"de\"},{\"@type\":\"Person\",\"@id\":\"https:\/\/www.kanu-coswig.de\/#\/schema\/person\/281338fb14d9d1ccb195249a757bcbd3\",\"name\":\"Touristik\",\"url\":\"https:\/\/www.kanu-coswig.de\/?author=3\"}]}<\/script>\n<!-- \/ Yoast SEO plugin. -->","yoast_head_json":{"title":"Start in die Paddelsaison - Coswiger Kanu-Verein e.V.","robots":{"index":"index","follow":"follow","max-snippet":"max-snippet:-1","max-image-preview":"max-image-preview:large","max-video-preview":"max-video-preview:-1"},"canonical":"https:\/\/www.kanu-coswig.de\/?p=1659","og_locale":"de_DE","og_type":"article","og_title":"Start in die Paddelsaison - Coswiger Kanu-Verein e.V.","og_description":"Der morgendliche Blick auf das Thermometer erkl\u00e4rte den Titel der geplanten Fahrt recht schnell: VOR-Saisonfahrt. Aber die 6 \u00b0C konnten nicht schrecken und wir trafen uns zu siebt um 8.00 Uhr am Bootshaus zum Beladen des Bootsanh\u00e4ngers. Eine halbe Stunde sp\u00e4ter war dann Start mit Auto und S-Bahn. Der \u00d6PNV\u2026 Weiterlesen","og_url":"https:\/\/www.kanu-coswig.de\/?p=1659","og_site_name":"Coswiger Kanu-Verein e.V.","article_published_time":"2024-03-13T13:38:57+00:00","og_image":[{"url":"https:\/\/www.kanu-coswig.de\/wp-content\/uploads\/2024\/03\/Picture1-300x188.jpg"}],"author":"Touristik","twitter_misc":{"Verfasst von":"Touristik","Gesch\u00e4tzte Lesezeit":"2\u00a0Minuten"},"schema":{"@context":"https:\/\/schema.org","@graph":[{"@type":"WebPage","@id":"https:\/\/www.kanu-coswig.de\/?p=1659","url":"https:\/\/www.kanu-coswig.de\/?p=1659","name":"Start in die Paddelsaison - Coswiger Kanu-Verein e.V.","isPartOf":{"@id":"https:\/\/www.kanu-coswig.de\/#website"},"datePublished":"2024-03-13T13:38:57+00:00","dateModified":"2024-03-13T13:38:57+00:00","author":{"@id":"https:\/\/www.kanu-coswig.de\/#\/schema\/person\/281338fb14d9d1ccb195249a757bcbd3"},"breadcrumb":{"@id":"https:\/\/www.kanu-coswig.de\/?p=1659#breadcrumb"},"inLanguage":"de","potentialAction":[{"@type":"ReadAction","target":["https:\/\/www.kanu-coswig.de\/?p=1659"]}]},{"@type":"BreadcrumbList","@id":"https:\/\/www.kanu-coswig.de\/?p=1659#breadcrumb","itemListElement":[{"@type":"ListItem","position":1,"name":"Home","item":"https:\/\/www.kanu-coswig.de\/"},{"@type":"ListItem","position":2,"name":"Start in die Paddelsaison"}]},{"@type":"WebSite","@id":"https:\/\/www.kanu-coswig.de\/#website","url":"https:\/\/www.kanu-coswig.de\/","name":"Coswiger Kanu-Verein e.V.","description":"Zentrum f\u00fcr Kanusport, Kanutouristik und Freizeit in Sachsen","potentialAction":[{"@type":"SearchAction","target":{"@type":"EntryPoint","urlTemplate":"https:\/\/www.kanu-coswig.de\/?s={search_term_string}"},"query-input":"required name=search_term_string"}],"inLanguage":"de"},{"@type":"Person","@id":"https:\/\/www.kanu-coswig.de\/#\/schema\/person\/281338fb14d9d1ccb195249a757bcbd3","name":"Touristik","url":"https:\/\/www.kanu-coswig.de\/?author=3"}]}},"_links":{"self":[{"href":"https:\/\/www.kanu-coswig.de\/index.php?rest_route=\/wp\/v2\/posts\/1659","targetHints":{"allow":["GET"]}}],"collection":[{"href":"https:\/\/www.kanu-coswig.de\/index.php?rest_route=\/wp\/v2\/posts"}],"about":[{"href":"https:\/\/www.kanu-coswig.de\/index.php?rest_route=\/wp\/v2\/types\/post"}],"author":[{"embeddable":true,"href":"https:\/\/www.kanu-coswig.de\/index.php?rest_route=\/wp\/v2\/users\/3"}],"replies":[{"embeddable":true,"href":"https:\/\/www.kanu-coswig.de\/index.php?rest_route=%2Fwp%2Fv2%2Fcomments&post=1659"}],"version-history":[{"count":1,"href":"https:\/\/www.kanu-coswig.de\/index.php?rest_route=\/wp\/v2\/posts\/1659\/revisions"}],"predecessor-version":[{"id":1663,"href":"https:\/\/www.kanu-coswig.de\/index.php?rest_route=\/wp\/v2\/posts\/1659\/revisions\/1663"}],"wp:attachment":[{"href":"https:\/\/www.kanu-coswig.de\/index.php?rest_route=%2Fwp%2Fv2%2Fmedia&parent=1659"}],"wp:term":[{"taxonomy":"category","embeddable":true,"href":"https:\/\/www.kanu-coswig.de\/index.php?rest_route=%2Fwp%2Fv2%2Fcategories&post=1659"},{"taxonomy":"post_tag","embeddable":true,"href":"https:\/\/www.kanu-coswig.de\/index.php?rest_route=%2Fwp%2Fv2%2Ftags&post=1659"}],"curies":[{"name":"wp","href":"https:\/\/api.w.org\/{rel}","templated":true}]}}